{"id":734,"date":"2014-11-11T11:28:07","date_gmt":"2014-11-11T10:28:07","guid":{"rendered":"http:\/\/ecole-saintpiex.com\/tremblay-en-france-93290\/?p=734"},"modified":"2014-11-11T13:06:23","modified_gmt":"2014-11-11T12:06:23","slug":"journalistes-en-devenir","status":"publish","type":"post","link":"https:\/\/ecole-saintpiex.com\/tremblay-en-france-93290\/journalistes-en-devenir\/","title":{"rendered":"Des journalistes en devenir."},"content":{"rendered":"<p>Nos \u00e9l\u00e8ves de CM1 et CM2 ont eu le plaisir de d\u00e9couvrir le monde des m\u00e9dias, pendant 5 jours, la semaine pr\u00e9c\u00e9dant les vacances de la Toussaint.<!--more--><\/p>\n<p>Gr\u00e2ce \u00e0 une \u00e9quipe de professionnels, les CM1 ont appris \u00e0 se servir du mat\u00e9riel informatique pour \u00e9crire des articles et cr\u00e9er un journal, \u00e0 interviewer des personnes (Madame ANDRIES, professeur de CM2 et Monsieur DEWILDE, chef d\u2019\u00e9tablissement de l\u2019\u00e9cole) \u00e0 pr\u00e9senter un journal m\u00e9t\u00e9o et \u00e0 r\u00e9aliser des publicit\u00e9s en utilisant des effets sp\u00e9ciaux.<\/p>\n<p><a href=\"http:\/\/ecole-saintpiex.com\/tremblay-en-france-93290\/wp-content\/uploads\/2014\/11\/Journalistes.png\"><img loading=\"lazy\" decoding=\"async\" class=\"alignnone size-medium wp-image-745\" alt=\"Journalistes\" src=\"http:\/\/ecole-saintpiex.com\/tremblay-en-france-93290\/wp-content\/uploads\/2014\/11\/Journalistes-300x168.png\" width=\"300\" height=\"168\" srcset=\"https:\/\/ecole-saintpiex.com\/tremblay-en-france-93290\/wp-content\/uploads\/2014\/11\/Journalistes-300x168.png 300w, https:\/\/ecole-saintpiex.com\/tremblay-en-france-93290\/wp-content\/uploads\/2014\/11\/Journalistes-1024x575.png 1024w, https:\/\/ecole-saintpiex.com\/tremblay-en-france-93290\/wp-content\/uploads\/2014\/11\/Journalistes.png 1366w\" sizes=\"(max-width: 300px) 100vw, 300px\" \/><\/a>\u00a0\u00a0<a href=\"http:\/\/ecole-saintpiex.com\/tremblay-en-france-93290\/wp-content\/uploads\/2014\/11\/Journalistes-31.png\"><img loading=\"lazy\" decoding=\"async\" class=\"alignnone size-medium wp-image-751\" alt=\"Journalistes 3\" src=\"http:\/\/ecole-saintpiex.com\/tremblay-en-france-93290\/wp-content\/uploads\/2014\/11\/Journalistes-31-300x168.png\" width=\"300\" height=\"168\" srcset=\"https:\/\/ecole-saintpiex.com\/tremblay-en-france-93290\/wp-content\/uploads\/2014\/11\/Journalistes-31-300x168.png 300w, https:\/\/ecole-saintpiex.com\/tremblay-en-france-93290\/wp-content\/uploads\/2014\/11\/Journalistes-31-1024x575.png 1024w, https:\/\/ecole-saintpiex.com\/tremblay-en-france-93290\/wp-content\/uploads\/2014\/11\/Journalistes-31.png 1366w\" sizes=\"(max-width: 300px) 100vw, 300px\" \/><\/a><\/p>\n<p>Les \u00e9l\u00e8ves de CM2, ont travaill\u00e9 plus particuli\u00e8rement \u00e0 l\u2019utilisation de la cam\u00e9ra afin de r\u00e9aliser des reportages et des interviews. Ils ont eu le plaisir de compter, parmi les personnes interrog\u00e9es, un responsable des pompiers et parent d\u2019\u00e9l\u00e8ves de l\u2019\u00e9cole, Monsieur BRASSEUR. Ils sont aussi sortis de l&rsquo;\u00e9cole pour aller \u00e0 la rencontre de passants et r\u00e9aliser un micro-trottoir sur le r\u00f4le du maire dans sa commune.\u00a0\u00a0Heureusement, ils ont eu la change d&rsquo;interviewer Monsieur MONTES, le 1<sup>er<\/sup>\u00a0adjoint au maire d\u00e9l\u00e9gu\u00e9 \u00e0 la Culture et \u00e0 l\u2019Education de la ville de Tremblay-en-France, \u00a0Madame JAOUANI,<strong> <\/strong>Conseill\u00e8re d\u00e9l\u00e9gu\u00e9e \u00e0 l\u2019enseignement du premier degr\u00e9 et Monsieur PEN, conseiller parlementaire de Monsieur ASENSI, maire de Tremblay-en-France,\u00a0qui leur ont donn\u00e9 des informations bien plus pr\u00e9cises.<\/p>\n<p><b><i>Nous remercions infiniment ces personnes d\u2019avoir accord\u00e9 \u00e0 nos \u00e9l\u00e8ves de leur temps pr\u00e9cieux pour la r\u00e9alisation de ces interviews.<\/i><\/b><\/p>\n<p><a href=\"http:\/\/ecole-saintpiex.com\/tremblay-en-france-93290\/wp-content\/uploads\/2014\/11\/Journalistes-7.png\"><img loading=\"lazy\" decoding=\"async\" class=\"alignnone size-medium wp-image-750\" alt=\"Journalistes 7\" src=\"http:\/\/ecole-saintpiex.com\/tremblay-en-france-93290\/wp-content\/uploads\/2014\/11\/Journalistes-7-300x168.png\" width=\"300\" height=\"168\" srcset=\"https:\/\/ecole-saintpiex.com\/tremblay-en-france-93290\/wp-content\/uploads\/2014\/11\/Journalistes-7-300x168.png 300w, https:\/\/ecole-saintpiex.com\/tremblay-en-france-93290\/wp-content\/uploads\/2014\/11\/Journalistes-7-1024x575.png 1024w, https:\/\/ecole-saintpiex.com\/tremblay-en-france-93290\/wp-content\/uploads\/2014\/11\/Journalistes-7.png 1366w\" sizes=\"(max-width: 300px) 100vw, 300px\" \/><\/a>\u00a0\u00a0<a href=\"http:\/\/ecole-saintpiex.com\/tremblay-en-france-93290\/wp-content\/uploads\/2014\/11\/Journalistes-6.png\"><img loading=\"lazy\" decoding=\"async\" class=\"alignnone size-medium wp-image-749\" alt=\"Journalistes 6\" src=\"http:\/\/ecole-saintpiex.com\/tremblay-en-france-93290\/wp-content\/uploads\/2014\/11\/Journalistes-6-300x168.png\" width=\"300\" height=\"168\" srcset=\"https:\/\/ecole-saintpiex.com\/tremblay-en-france-93290\/wp-content\/uploads\/2014\/11\/Journalistes-6-300x168.png 300w, https:\/\/ecole-saintpiex.com\/tremblay-en-france-93290\/wp-content\/uploads\/2014\/11\/Journalistes-6-1024x575.png 1024w, https:\/\/ecole-saintpiex.com\/tremblay-en-france-93290\/wp-content\/uploads\/2014\/11\/Journalistes-6.png 1366w\" sizes=\"(max-width: 300px) 100vw, 300px\" \/><\/a><\/p>\n<p>Les \u00e9l\u00e8ves de l\u2019\u00e9cole St-Pie X ont montr\u00e9\u00a0beaucoup d\u2019int\u00e9r\u00eat et de plaisir \u00e0 participer \u00e0 ce projet. Aussi, cette aventure, r\u00e9alis\u00e9e t\u00f4t en ce d\u00e9but d\u2019ann\u00e9e, va leur permettre d\u2019utiliser les comp\u00e9tences qu\u2019ils ont d\u00e9velopp\u00e9es durant cette semaine dans le cadre de projets sp\u00e9cifiques en classe pendant toute l\u2019ann\u00e9e.<\/p>\n<p>Les CM1 ont d\u00e9j\u00e0 manifest\u00e9 leurs premi\u00e8res impressions en 4<sup>\u00e8me<\/sup> page de leur 1<sup>er<\/sup> journal que vous pouvez consulter en cliquant sur ce lien <a href=\"http:\/\/ecole-saintpiex.com\/tremblay-en-france-93290\/wp-content\/uploads\/2014\/11\/ET-MON-ST-PIE-X-n\u00b01.pdf\">ET MON ST PIE X &#8211; n\u00b01<\/a>. Nul doute, qu\u2019ils ne vont pas en rester l\u00e0\u00a0! Maintenant qu\u2019ils nous ont montr\u00e9 leur capacit\u00e9 \u00e0 \u00e9crire de beaux articles, nous sommes en attente d\u2019autres\u00a0\u00e0 travers un second num\u00e9ro de :<\/p>\n<blockquote>\n<p style=\"text-align: center;\"><span style=\"color: #ffcc00;\"><em><strong>ET MON ST PIE X !<\/strong><\/em><\/span><\/p>\n<\/blockquote>\n<p>De la m\u00eame mani\u00e8re, les \u00e9l\u00e8ves de CM2 sont d\u00e9j\u00e0 en recherche d\u2019articles afin d\u2019alimenter r\u00e9guli\u00e8rement le site de l\u2019\u00e9cole. Nous vous invitons donc \u00e0 le consulter fr\u00e9quemment\u00a0pour ne rien manquer des informations qu\u2019ils ne manqueront pas de donner. Un article est d\u00e9j\u00e0 pr\u00e9vu sur les volcans et notamment les actualit\u00e9s de l\u2019\u00e9ruption continue du K\u012blauea.<\/p>\n<p>Un montage des interviews, des publicit\u00e9s et des autres moments de cette semaine a \u00e9t\u00e9 effectu\u00e9 sur un DVD et distribu\u00e9 \u00e0 nos jeunes participants. Nous ne manquerons pas de vous en donner quelques aper\u00e7us en ligne prochainement par l\u2019interm\u00e9diaire du site de l\u2019\u00e9cole, et en acc\u00e8s r\u00e9serv\u00e9 uniquement aux parents de l\u2019\u00e9cole St-Pie X, bien \u00e9videmment.<\/p>\n<p>A tr\u00e8s bient\u00f4t pour d&rsquo;autres nouvelles de nos \u00ab\u00a0graines d&rsquo;artistes\u00a0\u00bb.<\/p>\n","protected":false},"excerpt":{"rendered":"<p>Nos \u00e9l\u00e8ves de CM1 et CM2 ont eu le plaisir de d\u00e9couvrir le monde des m\u00e9dias, pendant 5 jours, la semaine pr\u00e9c\u00e9dant les vacances de la Toussaint.<\/p>\n","protected":false},"author":2,"featured_media":0,"comment_status":"closed","ping_status":"closed","sticky":false,"template":"","format":"standard","meta":{"ngg_post_thumbnail":0,"footnotes":""},"categories":[3],"tags":[],"_links":{"self":[{"href":"https:\/\/ecole-saintpiex.com\/tremblay-en-france-93290\/wp-json\/wp\/v2\/posts\/734"}],"collection":[{"href":"https:\/\/ecole-saintpiex.com\/tremblay-en-france-93290\/wp-json\/wp\/v2\/posts"}],"about":[{"href":"https:\/\/ecole-saintpiex.com\/tremblay-en-france-93290\/wp-json\/wp\/v2\/types\/post"}],"author":[{"embeddable":true,"href":"https:\/\/ecole-saintpiex.com\/tremblay-en-france-93290\/wp-json\/wp\/v2\/users\/2"}],"replies":[{"embeddable":true,"href":"https:\/\/ecole-saintpiex.com\/tremblay-en-france-93290\/wp-json\/wp\/v2\/comments?post=734"}],"version-history":[{"count":9,"href":"https:\/\/ecole-saintpiex.com\/tremblay-en-france-93290\/wp-json\/wp\/v2\/posts\/734\/revisions"}],"predecessor-version":[{"id":753,"href":"https:\/\/ecole-saintpiex.com\/tremblay-en-france-93290\/wp-json\/wp\/v2\/posts\/734\/revisions\/753"}],"wp:attachment":[{"href":"https:\/\/ecole-saintpiex.com\/tremblay-en-france-93290\/wp-json\/wp\/v2\/media?parent=734"}],"wp:term":[{"taxonomy":"category","embeddable":true,"href":"https:\/\/ecole-saintpiex.com\/tremblay-en-france-93290\/wp-json\/wp\/v2\/categories?post=734"},{"taxonomy":"post_tag","embeddable":true,"href":"https:\/\/ecole-saintpiex.com\/tremblay-en-france-93290\/wp-json\/wp\/v2\/tags?post=734"}],"curies":[{"name":"wp","href":"https:\/\/api.w.org\/{rel}","templated":true}]}}