{"id":718,"date":"2014-10-19T18:15:44","date_gmt":"2014-10-19T17:15:44","guid":{"rendered":"http:\/\/ecole-saintpiex.com\/tremblay-en-france-93290\/?p=718"},"modified":"2014-10-19T18:15:44","modified_gmt":"2014-10-19T17:15:44","slug":"lequipe-educative-lecole-souhaite-tres-bonnes-vacances-toussaint","status":"publish","type":"post","link":"https:\/\/ecole-saintpiex.com\/tremblay-en-france-93290\/lequipe-educative-lecole-souhaite-tres-bonnes-vacances-toussaint\/","title":{"rendered":"L&rsquo;\u00e9quipe \u00e9ducative de l&rsquo;\u00e9cole vous souhaite de tr\u00e8s bonnes vacances de la Toussaint"},"content":{"rendered":"<p style=\"text-align: center;\"><a style=\"font-weight: bold; background-color: #f1f1f1; font-size: 12px;\" href=\"http:\/\/ecole-saintpiex.com\/tremblay-en-france-93290\/wp-content\/uploads\/2014\/10\/Bonnes-vacances-de-Toussaint.jpg\"><img loading=\"lazy\" decoding=\"async\" class=\"size-medium wp-image-719 alignleft\" alt=\"Le jugement dernier de Fra Ang\u00e9lico (1440-1455)\" src=\"http:\/\/ecole-saintpiex.com\/tremblay-en-france-93290\/wp-content\/uploads\/2014\/10\/Bonnes-vacances-de-Toussaint-300x147.jpg\" width=\"300\" height=\"147\" srcset=\"https:\/\/ecole-saintpiex.com\/tremblay-en-france-93290\/wp-content\/uploads\/2014\/10\/Bonnes-vacances-de-Toussaint-300x147.jpg 300w, https:\/\/ecole-saintpiex.com\/tremblay-en-france-93290\/wp-content\/uploads\/2014\/10\/Bonnes-vacances-de-Toussaint-1024x502.jpg 1024w, https:\/\/ecole-saintpiex.com\/tremblay-en-france-93290\/wp-content\/uploads\/2014\/10\/Bonnes-vacances-de-Toussaint-680x330.jpg 680w, https:\/\/ecole-saintpiex.com\/tremblay-en-france-93290\/wp-content\/uploads\/2014\/10\/Bonnes-vacances-de-Toussaint.jpg 1500w\" sizes=\"(max-width: 300px) 100vw, 300px\" \/><\/a><\/p>\n<dl class=\"wp-caption alignnone\" id=\"attachment_719\" style=\"width: 310px;\">\n<dd class=\"wp-caption-dd\">Le jugement dernier de Fra Ang\u00e9lico (1440-1455)<\/dd>\n<\/dl>\n<p style=\"text-align: center;\">\n","protected":false},"excerpt":{"rendered":"<p>Le jugement dernier de Fra Ang\u00e9lico (1440-1455)<\/p>\n","protected":false},"author":2,"featured_media":0,"comment_status":"closed","ping_status":"closed","sticky":false,"template":"","format":"standard","meta":{"ngg_post_thumbnail":0,"footnotes":""},"categories":[3],"tags":[],"_links":{"self":[{"href":"https:\/\/ecole-saintpiex.com\/tremblay-en-france-93290\/wp-json\/wp\/v2\/posts\/718"}],"collection":[{"href":"https:\/\/ecole-saintpiex.com\/tremblay-en-france-93290\/wp-json\/wp\/v2\/posts"}],"about":[{"href":"https:\/\/ecole-saintpiex.com\/tremblay-en-france-93290\/wp-json\/wp\/v2\/types\/post"}],"author":[{"embeddable":true,"href":"https:\/\/ecole-saintpiex.com\/tremblay-en-france-93290\/wp-json\/wp\/v2\/users\/2"}],"replies":[{"embeddable":true,"href":"https:\/\/ecole-saintpiex.com\/tremblay-en-france-93290\/wp-json\/wp\/v2\/comments?post=718"}],"version-history":[{"count":3,"href":"https:\/\/ecole-saintpiex.com\/tremblay-en-france-93290\/wp-json\/wp\/v2\/posts\/718\/revisions"}],"predecessor-version":[{"id":722,"href":"https:\/\/ecole-saintpiex.com\/tremblay-en-france-93290\/wp-json\/wp\/v2\/posts\/718\/revisions\/722"}],"wp:attachment":[{"href":"https:\/\/ecole-saintpiex.com\/tremblay-en-france-93290\/wp-json\/wp\/v2\/media?parent=718"}],"wp:term":[{"taxonomy":"category","embeddable":true,"href":"https:\/\/ecole-saintpiex.com\/tremblay-en-france-93290\/wp-json\/wp\/v2\/categories?post=718"},{"taxonomy":"post_tag","embeddable":true,"href":"https:\/\/ecole-saintpiex.com\/tremblay-en-france-93290\/wp-json\/wp\/v2\/tags?post=718"}],"curies":[{"name":"wp","href":"https:\/\/api.w.org\/{rel}","templated":true}]}}