{"id":702,"date":"2014-10-08T18:41:52","date_gmt":"2014-10-08T17:41:52","guid":{"rendered":"http:\/\/ecole-saintpiex.com\/tremblay-en-france-93290\/?p=702"},"modified":"2014-10-08T18:42:31","modified_gmt":"2014-10-08T17:42:31","slug":"sortie-au-verger-compans-jeudi-26-septembre-2014","status":"publish","type":"post","link":"https:\/\/ecole-saintpiex.com\/tremblay-en-france-93290\/sortie-au-verger-compans-jeudi-26-septembre-2014\/","title":{"rendered":"La sortie au verger de Compans le jeudi 26 septembre 2014"},"content":{"rendered":"<p><span style=\"font-size: 14pt; text-indent: 0cm;\">La petite section raconte :\u00a0<\/span><\/p>\n<p><span style=\"font-size: 14pt; text-indent: 0cm;\">\u00a0<\/span><a href=\"http:\/\/ecole-saintpiex.com\/tremblay-en-france-93290\/wp-content\/uploads\/2014\/10\/Vergers-de-Compans-11.jpg\"><img loading=\"lazy\" decoding=\"async\" class=\"alignnone size-medium wp-image-705\" alt=\"Vergers de Compans 1\" src=\"http:\/\/ecole-saintpiex.com\/tremblay-en-france-93290\/wp-content\/uploads\/2014\/10\/Vergers-de-Compans-11-225x300.jpg\" width=\"225\" height=\"300\" srcset=\"https:\/\/ecole-saintpiex.com\/tremblay-en-france-93290\/wp-content\/uploads\/2014\/10\/Vergers-de-Compans-11-225x300.jpg 225w, https:\/\/ecole-saintpiex.com\/tremblay-en-france-93290\/wp-content\/uploads\/2014\/10\/Vergers-de-Compans-11.jpg 480w\" sizes=\"(max-width: 225px) 100vw, 225px\" \/><\/a><\/p>\n<p>Dans le car, nous \u00e9tions bien attach\u00e9s.<\/p>\n<p>&nbsp;<\/p>\n<p><a href=\"http:\/\/ecole-saintpiex.com\/tremblay-en-france-93290\/wp-content\/uploads\/2014\/10\/Vergers-de-Compans-21.jpg\"><img loading=\"lazy\" decoding=\"async\" class=\"alignnone size-medium wp-image-706\" alt=\"Vergers de Compans 2\" src=\"http:\/\/ecole-saintpiex.com\/tremblay-en-france-93290\/wp-content\/uploads\/2014\/10\/Vergers-de-Compans-21-225x300.jpg\" width=\"225\" height=\"300\" srcset=\"https:\/\/ecole-saintpiex.com\/tremblay-en-france-93290\/wp-content\/uploads\/2014\/10\/Vergers-de-Compans-21-225x300.jpg 225w, https:\/\/ecole-saintpiex.com\/tremblay-en-france-93290\/wp-content\/uploads\/2014\/10\/Vergers-de-Compans-21.jpg 480w\" sizes=\"(max-width: 225px) 100vw, 225px\" \/><\/a><\/p>\n<p>Une dame nous expliquait d\u2019o\u00f9 vient la pomme.<!--more--><\/p>\n<p><a href=\"http:\/\/ecole-saintpiex.com\/tremblay-en-france-93290\/wp-content\/uploads\/2014\/10\/Vergers-de-Compans-3.jpg\"><img loading=\"lazy\" decoding=\"async\" class=\"alignnone size-medium wp-image-707\" alt=\"Vergers de Compans 3\" src=\"http:\/\/ecole-saintpiex.com\/tremblay-en-france-93290\/wp-content\/uploads\/2014\/10\/Vergers-de-Compans-3-300x225.jpg\" width=\"300\" height=\"225\" srcset=\"https:\/\/ecole-saintpiex.com\/tremblay-en-france-93290\/wp-content\/uploads\/2014\/10\/Vergers-de-Compans-3-300x225.jpg 300w, https:\/\/ecole-saintpiex.com\/tremblay-en-france-93290\/wp-content\/uploads\/2014\/10\/Vergers-de-Compans-3.jpg 640w\" sizes=\"(max-width: 300px) 100vw, 300px\" \/><\/a>\u00a0\u00a0<img loading=\"lazy\" decoding=\"async\" class=\"alignnone size-medium wp-image-708\" style=\"font-size: 12px;\" alt=\"Vergers de Compans 4\" src=\"http:\/\/ecole-saintpiex.com\/tremblay-en-france-93290\/wp-content\/uploads\/2014\/10\/Vergers-de-Compans-4-300x225.jpg\" width=\"300\" height=\"225\" srcset=\"https:\/\/ecole-saintpiex.com\/tremblay-en-france-93290\/wp-content\/uploads\/2014\/10\/Vergers-de-Compans-4-300x225.jpg 300w, https:\/\/ecole-saintpiex.com\/tremblay-en-france-93290\/wp-content\/uploads\/2014\/10\/Vergers-de-Compans-4.jpg 640w\" sizes=\"(max-width: 300px) 100vw, 300px\" \/><\/p>\n<p>On a pris la brouette pour mettre les sacs et les pommes.\u00a0Nous avons cueilli des pommes et nous en avons mang\u00e9 une. C\u2019\u00e9tait d\u00e9licieux! Nous l\u2019avons d\u00e9vor\u00e9e toute enti\u00e8re.<\/p>\n<p><a href=\"http:\/\/ecole-saintpiex.com\/tremblay-en-france-93290\/wp-content\/uploads\/2014\/10\/Vergers-de-Compans-5.jpg\"><img loading=\"lazy\" decoding=\"async\" class=\"alignnone size-medium wp-image-709\" alt=\"Vergers de Compans 5\" src=\"http:\/\/ecole-saintpiex.com\/tremblay-en-france-93290\/wp-content\/uploads\/2014\/10\/Vergers-de-Compans-5-300x225.jpg\" width=\"300\" height=\"225\" srcset=\"https:\/\/ecole-saintpiex.com\/tremblay-en-france-93290\/wp-content\/uploads\/2014\/10\/Vergers-de-Compans-5-300x225.jpg 300w, https:\/\/ecole-saintpiex.com\/tremblay-en-france-93290\/wp-content\/uploads\/2014\/10\/Vergers-de-Compans-5.jpg 640w\" sizes=\"(max-width: 300px) 100vw, 300px\" \/><\/a>\u00a0 <a href=\"http:\/\/ecole-saintpiex.com\/tremblay-en-france-93290\/wp-content\/uploads\/2014\/10\/Vergers-de-Compans-6.jpg\"><img loading=\"lazy\" decoding=\"async\" class=\"alignnone size-medium wp-image-710\" alt=\"Vergers de Compans 6\" src=\"http:\/\/ecole-saintpiex.com\/tremblay-en-france-93290\/wp-content\/uploads\/2014\/10\/Vergers-de-Compans-6-300x225.jpg\" width=\"300\" height=\"225\" srcset=\"https:\/\/ecole-saintpiex.com\/tremblay-en-france-93290\/wp-content\/uploads\/2014\/10\/Vergers-de-Compans-6-300x225.jpg 300w, https:\/\/ecole-saintpiex.com\/tremblay-en-france-93290\/wp-content\/uploads\/2014\/10\/Vergers-de-Compans-6.jpg 640w\" sizes=\"(max-width: 300px) 100vw, 300px\" \/><\/a><\/p>\n<p>Nous avons aussi ramass\u00e9 les l\u00e9gumes du potager. \u00a0On a rapport\u00e9 des radis, des salades vertes, des courgettes et un chou \u00e0 l&rsquo;\u00e9cole.<\/p>\n<p><a href=\"http:\/\/ecole-saintpiex.com\/tremblay-en-france-93290\/wp-content\/uploads\/2014\/10\/Vergers-de-Compans-7.jpg\"><img loading=\"lazy\" decoding=\"async\" class=\"alignnone size-medium wp-image-711\" alt=\"Vergers de Compans 7\" src=\"http:\/\/ecole-saintpiex.com\/tremblay-en-france-93290\/wp-content\/uploads\/2014\/10\/Vergers-de-Compans-7-300x225.jpg\" width=\"300\" height=\"225\" srcset=\"https:\/\/ecole-saintpiex.com\/tremblay-en-france-93290\/wp-content\/uploads\/2014\/10\/Vergers-de-Compans-7-300x225.jpg 300w, https:\/\/ecole-saintpiex.com\/tremblay-en-france-93290\/wp-content\/uploads\/2014\/10\/Vergers-de-Compans-7.jpg 640w\" sizes=\"(max-width: 300px) 100vw, 300px\" \/><\/a>\u00a0 \u00a0<a style=\"color: #ff4b33; line-height: 32px;\" href=\"http:\/\/ecole-saintpiex.com\/tremblay-en-france-93290\/wp-content\/uploads\/2014\/10\/Vergers-de-Compans-8.jpg\"><img loading=\"lazy\" decoding=\"async\" class=\"alignnone size-medium wp-image-712\" alt=\"Vergers de Compans 8\" src=\"http:\/\/ecole-saintpiex.com\/tremblay-en-france-93290\/wp-content\/uploads\/2014\/10\/Vergers-de-Compans-8-225x300.jpg\" width=\"225\" height=\"300\" srcset=\"https:\/\/ecole-saintpiex.com\/tremblay-en-france-93290\/wp-content\/uploads\/2014\/10\/Vergers-de-Compans-8-225x300.jpg 225w, https:\/\/ecole-saintpiex.com\/tremblay-en-france-93290\/wp-content\/uploads\/2014\/10\/Vergers-de-Compans-8.jpg 480w\" sizes=\"(max-width: 225px) 100vw, 225px\" \/><\/a><\/p>\n<p>On a coup\u00e9 les radis, les salades et\u00a0nous avons confectionn\u00e9 une soupe.<\/p>\n<p><a href=\"http:\/\/ecole-saintpiex.com\/tremblay-en-france-93290\/wp-content\/uploads\/2014\/10\/Vergers-de-Compans-9.jpg\"><img loading=\"lazy\" decoding=\"async\" class=\"alignnone size-medium wp-image-713\" alt=\"Vergers de Compans 9\" src=\"http:\/\/ecole-saintpiex.com\/tremblay-en-france-93290\/wp-content\/uploads\/2014\/10\/Vergers-de-Compans-9-300x225.jpg\" width=\"300\" height=\"225\" srcset=\"https:\/\/ecole-saintpiex.com\/tremblay-en-france-93290\/wp-content\/uploads\/2014\/10\/Vergers-de-Compans-9-300x225.jpg 300w, https:\/\/ecole-saintpiex.com\/tremblay-en-france-93290\/wp-content\/uploads\/2014\/10\/Vergers-de-Compans-9.jpg 640w\" sizes=\"(max-width: 300px) 100vw, 300px\" \/><\/a><\/p>\n<p>&nbsp;<\/p>\n<p>Hmm, elle \u00e9tait bonne!<\/p>\n<p>&nbsp;<\/p>\n","protected":false},"excerpt":{"rendered":"<p>La petite section raconte :\u00a0 \u00a0 Dans le car, nous \u00e9tions bien attach\u00e9s. &nbsp; Une dame nous expliquait d\u2019o\u00f9 vient la pomme.<\/p>\n","protected":false},"author":2,"featured_media":0,"comment_status":"closed","ping_status":"closed","sticky":false,"template":"","format":"standard","meta":{"ngg_post_thumbnail":0,"footnotes":""},"categories":[3],"tags":[],"_links":{"self":[{"href":"https:\/\/ecole-saintpiex.com\/tremblay-en-france-93290\/wp-json\/wp\/v2\/posts\/702"}],"collection":[{"href":"https:\/\/ecole-saintpiex.com\/tremblay-en-france-93290\/wp-json\/wp\/v2\/posts"}],"about":[{"href":"https:\/\/ecole-saintpiex.com\/tremblay-en-france-93290\/wp-json\/wp\/v2\/types\/post"}],"author":[{"embeddable":true,"href":"https:\/\/ecole-saintpiex.com\/tremblay-en-france-93290\/wp-json\/wp\/v2\/users\/2"}],"replies":[{"embeddable":true,"href":"https:\/\/ecole-saintpiex.com\/tremblay-en-france-93290\/wp-json\/wp\/v2\/comments?post=702"}],"version-history":[{"count":3,"href":"https:\/\/ecole-saintpiex.com\/tremblay-en-france-93290\/wp-json\/wp\/v2\/posts\/702\/revisions"}],"predecessor-version":[{"id":716,"href":"https:\/\/ecole-saintpiex.com\/tremblay-en-france-93290\/wp-json\/wp\/v2\/posts\/702\/revisions\/716"}],"wp:attachment":[{"href":"https:\/\/ecole-saintpiex.com\/tremblay-en-france-93290\/wp-json\/wp\/v2\/media?parent=702"}],"wp:term":[{"taxonomy":"category","embeddable":true,"href":"https:\/\/ecole-saintpiex.com\/tremblay-en-france-93290\/wp-json\/wp\/v2\/categories?post=702"},{"taxonomy":"post_tag","embeddable":true,"href":"https:\/\/ecole-saintpiex.com\/tremblay-en-france-93290\/wp-json\/wp\/v2\/tags?post=702"}],"curies":[{"name":"wp","href":"https:\/\/api.w.org\/{rel}","templated":true}]}}